{"id":626,"date":"2026-02-06T09:30:35","date_gmt":"2026-02-06T09:30:35","guid":{"rendered":"https:\/\/frequenz-der-seele.online\/?p=626"},"modified":"2026-02-06T10:07:43","modified_gmt":"2026-02-06T10:07:43","slug":"ein-denkraum-uber-sprache-risiko-und-freiheit","status":"publish","type":"post","link":"https:\/\/frequenz-der-seele.online\/es\/ein-denkraum-uber-sprache-risiko-und-freiheit\/","title":{"rendered":"Culpa y emprendimientoUn espacio de reflexi\u00f3n sobre lenguaje, riesgo y libertad"},"content":{"rendered":"\n<p>Durante mucho tiempo mantuve esta conversaci\u00f3n con Klaus dentro de una l\u00f3gica que me resultaba familiar. Razonable. Prudente. Responsable. La manera alemana de hablar sobre emprendimiento.<\/p>\n\n\n\n<p>Habl\u00e1bamos de cr\u00e9ditos, de obligaciones, de responsabilidad. De la necesidad de mantener una empresa incluso cuando ya exig\u00eda m\u00e1s energ\u00eda de la que devolv\u00eda. Entre las palabras aparec\u00eda algo que casi nunca se dice en voz alta, pero siempre est\u00e1 presente:<br>la culpa.<\/p>\n\n\n\n<p>En alem\u00e1n, culpa y deuda comparten la misma palabra. No es una casualidad. Vincula la acci\u00f3n econ\u00f3mica con una valoraci\u00f3n moral. Quien se endeuda no solo firma un contrato: entra en una justificaci\u00f3n interior permanente.<\/p>\n\n\n\n<p>Klaus escuchaba. Asent\u00eda. Era un lenguaje que conoc\u00eda bien. El lenguaje del orden, de la responsabilidad y de la obligaci\u00f3n.<\/p>\n\n\n\n<p>Y aun as\u00ed, algo empez\u00f3 a incomodarme.<\/p>\n\n\n\n<p>Le pregunt\u00e9, casi de pasada: \u00bfpor qu\u00e9 hablas de otra manera con los americanos? \u00bfy con los ingleses?<\/p>\n\n\n\n<p>Klaus sonri\u00f3. No con iron\u00eda, sino con comprensi\u00f3n. Me dijo que all\u00ed no se habla de culpa cuando algo no funciona. Se habla de un intento. De un proyecto. De un camino que no llev\u00f3 al resultado esperado.<\/p>\n\n\n\n<p>La persona permanece intacta. El proyecto puede terminar sin que la identidad quede da\u00f1ada.<\/p>\n\n\n\n<p>En Inglaterra, a\u00f1adi\u00f3, la distancia es a\u00fan m\u00e1s sutil. Se protege la dignidad a trav\u00e9s del lenguaje. Se habla de contratiempos, de errores de c\u00e1lculo, sin convertirlos en juicios personales.<\/p>\n\n\n\n<p>Dej\u00e9 que esas palabras resonaran. Y entonces llev\u00e9 la conversaci\u00f3n a mi lugar actual de vida.<\/p>\n\n\n\n<p>\u00bfY Espa\u00f1a?, pregunt\u00e9. \u00bfPor qu\u00e9 aqu\u00ed hablas de otra manera?<\/p>\n\n\n\n<p>Klaus guard\u00f3 silencio un instante. Luego dijo una frase que me acompa\u00f1a desde entonces: Aqu\u00ed la vida es m\u00e1s ruidosa, y el fracaso m\u00e1s silencioso.<\/p>\n\n\n\n<p>Vivo aqu\u00ed una forma de vida m\u00e1s calmada en la acci\u00f3n. Menos apresurada. Menos controladora. Pero el lenguaje es directo, abierto, a veces incluso fuerte.<\/p>\n\n\n\n<p>Aqu\u00ed se dicen las cosas sin rodeos. Sin disfrazarlas. Sin pedir permiso. Lo que un alem\u00e1n dir\u00eda en voz baja, aqu\u00ed se expresa en voz alta sin que se convierta autom\u00e1ticamente en un juicio.<\/p>\n\n\n\n<p>El fracaso no se analiza en exceso. No se dramatiza. No se carga de moral. Simplemente se acepta.<\/p>\n\n\n\n<p>Y entonces se vuelve a empezar. A menudo en silencio. A menudo improvisando. Sin grandes explicaciones.<\/p>\n\n\n\n<p>Comprend\u00ed que no se trata de valent\u00eda o de miedo. Ni de disciplina o pereza. Sino del lenguaje en el que se piensa el riesgo.<\/p>\n\n\n\n<p>Cuando la culpa acompa\u00f1a, emprender pesa. Cuando la dignidad permanece, se abre la posibilidad.<\/p>\n\n\n\n<p>Quiz\u00e1 una sociedad no necesita m\u00e1s programas de ayuda. Quiz\u00e1 necesita otro lenguaje.<\/p>\n\n\n\n<p>Un lenguaje en el que la deuda no sea un estigma. Un lenguaje en el que fracasar no sea un veredicto. Un lenguaje en el que emprender no signifique justificarse, sino crear.<\/p>\n\n\n\n<p>Este espacio de reflexi\u00f3n comienza aqu\u00ed. No con respuestas. Sino con una pregunta: \u00bfEn qu\u00e9 lenguaje me hablo a m\u00ed mismo cuando me atrevo a dar un paso?<\/p>\n\n\n\n<p><\/p>\n","protected":false},"excerpt":{"rendered":"<p>Durante mucho tiempo mantuve esta conversaci\u00f3n con Klaus dentro de una l\u00f3gica que me resultaba familiar. Razonable. Prudente. Responsable. La manera alemana de hablar sobre emprendimiento. Habl\u00e1bamos de cr\u00e9ditos, de obligaciones, de responsabilidad. De la necesidad de mantener una empresa incluso cuando ya exig\u00eda m\u00e1s energ\u00eda de la que devolv\u00eda. Entre las palabras aparec\u00eda algo &#8230; <a title=\"Culpa y emprendimientoUn espacio de reflexi\u00f3n sobre lenguaje, riesgo y libertad\" class=\"read-more\" href=\"https:\/\/frequenz-der-seele.online\/es\/ein-denkraum-uber-sprache-risiko-und-freiheit\/\" aria-label=\"Leer m\u00e1s sobre Culpa y emprendimientoUn espacio de reflexi\u00f3n sobre lenguaje, riesgo y libertad\">Leer m\u00e1s<\/a><\/p>\n","protected":false},"author":1,"featured_media":0,"comment_status":"closed","ping_status":"open","sticky":false,"template":"","format":"standard","meta":{"_acf_changed":false,"footnotes":""},"categories":[16],"tags":[],"class_list":["post-626","post","type-post","status-publish","format-standard","hentry","category-actual"],"acf":[],"_links":{"self":[{"href":"https:\/\/frequenz-der-seele.online\/es\/wp-json\/wp\/v2\/posts\/626","targetHints":{"allow":["GET"]}}],"collection":[{"href":"https:\/\/frequenz-der-seele.online\/es\/wp-json\/wp\/v2\/posts"}],"about":[{"href":"https:\/\/frequenz-der-seele.online\/es\/wp-json\/wp\/v2\/types\/post"}],"author":[{"embeddable":true,"href":"https:\/\/frequenz-der-seele.online\/es\/wp-json\/wp\/v2\/users\/1"}],"replies":[{"embeddable":true,"href":"https:\/\/frequenz-der-seele.online\/es\/wp-json\/wp\/v2\/comments?post=626"}],"version-history":[{"count":2,"href":"https:\/\/frequenz-der-seele.online\/es\/wp-json\/wp\/v2\/posts\/626\/revisions"}],"predecessor-version":[{"id":636,"href":"https:\/\/frequenz-der-seele.online\/es\/wp-json\/wp\/v2\/posts\/626\/revisions\/636"}],"wp:attachment":[{"href":"https:\/\/frequenz-der-seele.online\/es\/wp-json\/wp\/v2\/media?parent=626"}],"wp:term":[{"taxonomy":"category","embeddable":true,"href":"https:\/\/frequenz-der-seele.online\/es\/wp-json\/wp\/v2\/categories?post=626"},{"taxonomy":"post_tag","embeddable":true,"href":"https:\/\/frequenz-der-seele.online\/es\/wp-json\/wp\/v2\/tags?post=626"}],"curies":[{"name":"wp","href":"https:\/\/api.w.org\/{rel}","templated":true}]}}