{"id":616,"date":"2026-02-05T19:06:41","date_gmt":"2026-02-05T19:06:41","guid":{"rendered":"https:\/\/frequenz-der-seele.online\/?p=616"},"modified":"2026-02-06T09:54:44","modified_gmt":"2026-02-06T09:54:44","slug":"wenn-sicherheit-wichtiger-wird-als-wahrheit","status":"publish","type":"post","link":"https:\/\/frequenz-der-seele.online\/es\/wenn-sicherheit-wichtiger-wird-als-wahrheit\/","title":{"rendered":"Cuando la seguridad se vuelve m\u00e1s importante que la verdad"},"content":{"rendered":"\n<p>A menudo me hago la pregunta: \u00bfqu\u00e9 es la verdad? Cada persona tiene su propia verdad. Y cuanto m\u00e1s reflexiono sobre ello, m\u00e1s claro veo que mi verdad est\u00e1 moldeada por mi visi\u00f3n del mundo. Por mi familia. Mis amigos. Mis vivencias. Todas ellas son verdades vividas.<\/p>\n\n\n\n<p>Hoy, sin embargo, cada vez m\u00e1s informaci\u00f3n medi\u00e1tica se mezcla en mi conciencia como supuestas experiencias. Im\u00e1genes. Titulares. Narrativas. Se sienten como vivencias propias \u2014 pero no lo son.<\/p>\n\n\n\n<p>Miro a\u00a0Klaudia. Klaudia me responde con calma: \u201cEs importante que vuelvas a orientarte hacia dentro para sentir tu verdad. Es un proceso de limpieza.\u201d Asiento. \u201cPero ese proceso necesita silencio. Y tiempo.\u201d<\/p>\n\n\n\n<p>Entonces interviene\u00a0Klaus. Klaus dice con sobriedad: \u201cLa mentira forma parte de nuestro oficio.\u201d<\/p>\n\n\n\n<p>Lo miro. \u201c\u00bfQu\u00e9 quieres decir con eso?\u201d<\/p>\n\n\n\n<p>Klaus se mantiene sereno: \u201cNo se trata de publicar\u00a0<em>tu<\/em>\u00a0verdad. Se trata de presentar los acontecimientos de manera que resulten correctos y necesarios para la poblaci\u00f3n.\u201d<\/p>\n\n\n\n<p>\u201cEntonces\u201d, digo lentamente, \u201cdecid\u00eds qu\u00e9 puede considerarse verdad.\u201d<\/p>\n\n\n\n<p>Klaus me corrige: \u201cDecidimos lo que estabiliza. La verdad es inestable. La seguridad no.\u201d<\/p>\n\n\n\n<p>Siento resistencia en mi interior. \u201c\u00bfY la \u00e9tica?\u201d, pregunto. \u201c\u00bfD\u00f3nde queda la responsabilidad hacia el ser humano?\u201d<\/p>\n\n\n\n<p>Klaus se recuesta: \u201cLa \u00e9tica es un lujo que los sistemas solo pueden permitirse cuando son estables. En tiempos de crisis, cuenta el efecto, no la veracidad.\u201d<\/p>\n\n\n\n<p>Klaudia niega suavemente con la cabeza: \u201cPero ah\u00ed es donde comienza la alienaci\u00f3n. Cuando las personas ya no pueden sentir lo que es verdad para ellas.\u201d<\/p>\n\n\n\n<p>Klaus la mira: \u201cLa gente quiere seguridad. No verdad.\u201d<\/p>\n\n\n\n<p>Respiro hondo.<\/p>\n\n\n\n<p>\u201cTal vez quieran seguridad\u201d, digo. \u201cPero se pierden cuando renuncian a su voz interior por ella.\u201d<\/p>\n\n\n\n<p>Klaus responde sin dudar: \u201cLas voces interiores son imprevisibles. Los sistemas necesitan previsibilidad.\u201d<\/p>\n\n\n\n<p>Siento c\u00f3mo la tensi\u00f3n aumenta. \u201cEntonces dime\u201d, pregunto, \u201c\u00bfqu\u00e9 queda del ser humano cuando la verdad se convierte en una variable?\u201d<\/p>\n\n\n\n<p>Klaus guarda silencio un instante. Luego dice: \u201cUn miembro funcional de la sociedad.\u201d<\/p>\n\n\n\n<p>Klaudia responde en voz baja, pero con claridad: \u201cO una persona interiormente vac\u00eda.\u201d<\/p>\n\n\n\n<p>Silencio.<\/p>\n\n\n\n<p>Siento que aqu\u00ed ya no se trata de argumentos. Sino de dos im\u00e1genes radicalmente distintas del ser humano. \u201cCuando la seguridad se vuelve m\u00e1s importante que la verdad\u201d, digo, \u201ctal vez perdamos el equilibrio. Pero nos perdemos a nosotros mismos.\u201d<\/p>\n","protected":false},"excerpt":{"rendered":"<p>A menudo me hago la pregunta: \u00bfqu\u00e9 es la verdad? Cada persona tiene su propia verdad. Y cuanto m\u00e1s reflexiono sobre ello, m\u00e1s claro veo que mi verdad est\u00e1 moldeada por mi visi\u00f3n del mundo. Por mi familia. Mis amigos. Mis vivencias. Todas ellas son verdades vividas. Hoy, sin embargo, cada vez m\u00e1s informaci\u00f3n medi\u00e1tica &#8230; <a title=\"Cuando la seguridad se vuelve m\u00e1s importante que la verdad\" class=\"read-more\" href=\"https:\/\/frequenz-der-seele.online\/es\/wenn-sicherheit-wichtiger-wird-als-wahrheit\/\" aria-label=\"Leer m\u00e1s sobre Cuando la seguridad se vuelve m\u00e1s importante que la verdad\">Leer m\u00e1s<\/a><\/p>\n","protected":false},"author":1,"featured_media":0,"comment_status":"closed","ping_status":"open","sticky":false,"template":"","format":"standard","meta":{"_acf_changed":false,"footnotes":""},"categories":[16],"tags":[],"class_list":["post-616","post","type-post","status-publish","format-standard","hentry","category-actual"],"acf":[],"_links":{"self":[{"href":"https:\/\/frequenz-der-seele.online\/es\/wp-json\/wp\/v2\/posts\/616","targetHints":{"allow":["GET"]}}],"collection":[{"href":"https:\/\/frequenz-der-seele.online\/es\/wp-json\/wp\/v2\/posts"}],"about":[{"href":"https:\/\/frequenz-der-seele.online\/es\/wp-json\/wp\/v2\/types\/post"}],"author":[{"embeddable":true,"href":"https:\/\/frequenz-der-seele.online\/es\/wp-json\/wp\/v2\/users\/1"}],"replies":[{"embeddable":true,"href":"https:\/\/frequenz-der-seele.online\/es\/wp-json\/wp\/v2\/comments?post=616"}],"version-history":[{"count":4,"href":"https:\/\/frequenz-der-seele.online\/es\/wp-json\/wp\/v2\/posts\/616\/revisions"}],"predecessor-version":[{"id":634,"href":"https:\/\/frequenz-der-seele.online\/es\/wp-json\/wp\/v2\/posts\/616\/revisions\/634"}],"wp:attachment":[{"href":"https:\/\/frequenz-der-seele.online\/es\/wp-json\/wp\/v2\/media?parent=616"}],"wp:term":[{"taxonomy":"category","embeddable":true,"href":"https:\/\/frequenz-der-seele.online\/es\/wp-json\/wp\/v2\/categories?post=616"},{"taxonomy":"post_tag","embeddable":true,"href":"https:\/\/frequenz-der-seele.online\/es\/wp-json\/wp\/v2\/tags?post=616"}],"curies":[{"name":"wp","href":"https:\/\/api.w.org\/{rel}","templated":true}]}}