{"id":614,"date":"2026-02-04T13:39:45","date_gmt":"2026-02-04T13:39:45","guid":{"rendered":"https:\/\/frequenz-der-seele.online\/?p=614"},"modified":"2026-02-05T18:37:22","modified_gmt":"2026-02-05T18:37:22","slug":"cuando-el-control-tranquiliza-y-al-mismo-tiempo-estrecha-el-espacio","status":"publish","type":"post","link":"https:\/\/frequenz-der-seele.online\/es\/cuando-el-control-tranquiliza-y-al-mismo-tiempo-estrecha-el-espacio\/","title":{"rendered":"Cuando el control tranquiliza \u2014 y al mismo tiempo estrecha el espacio"},"content":{"rendered":"\n<p>Estoy sentado en el despacho de Klaus. He tardado casi una hora en pasar todos los controles de seguridad. Me han retirado la botella de agua y tambi\u00e9n mi navaja suiza, que siempre llevo conmigo. Ahora estoy sentado aqu\u00ed, esperando. En realidad, estos controles comenzaron despu\u00e9s del 11-S. \u00bfSe ha vuelto el mundo m\u00e1s peligroso desde entonces?<\/p>\n\n\n\n<p>Klaus me mira y dice: \u201c\u00bfM\u00e1s peligroso? Esa no es la pregunta correcta. El mundo no es m\u00e1s peligroso \u2014 se ha vuelto m\u00e1s fr\u00e1gil. O al menos as\u00ed lo sienten las personas.\u201d \u201cEntonces basta con el sentimiento\u201d, respondo. \u201cLos hechos ya no parecen necesarios.\u201d<\/p>\n\n\n\n<p>Klaus se recuesta en la silla: \u201cLos sentimientos deciden elecciones. Los sentimientos legitiman leyes. Los hechos suelen llegar tarde.\u201d \u201cY de los sentimientos nacen reglas\u201d, digo. \u201cReglas que se quedan.\u201d<\/p>\n\n\n\n<p>Klaus asiente: \u201cPorque nadie quiere ser quien retire una medida de seguridad. Imagina que ocurre algo \u2014 y se podr\u00eda haber eliminado una norma.\u201d<\/p>\n\n\n\n<p>\u201cAs\u00ed que lo conservamos todo\u201d, digo. \u201cIncluso lo que nos cuesta libertad.\u201d<\/p>\n\n\n\n<p>Klaus duda un instante: \u201cLa libertad es abstracta. La seguridad es concreta. Se puede medir, controlar, administrar.\u201d<\/p>\n\n\n\n<p>Pienso en mi navaja. Una herramienta. Un objeto cotidiano. Y ahora, un riesgo.<\/p>\n\n\n\n<p>\u201cAntes\u201d, digo, \u201cla decisi\u00f3n era m\u00eda. Ahora pertenece al sistema.\u201d<\/p>\n\n\n\n<p>Klaus responde con calma: \u201cLos sistemas desconf\u00edan del individuo. Funcionan mejor cuando el comportamiento es previsible.\u201d<\/p>\n\n\n\n<p>\u201cPero ah\u00ed est\u00e1 el problema\u201d, respondo. \u201cLa previsibilidad sustituye a la responsabilidad.\u201d<\/p>\n\n\n\n<p>Klaus levanta una ceja: \u201cO evita malas decisiones.\u201d<\/p>\n\n\n\n<p>\u201cO trata a las personas como ni\u00f1os\u201d, digo. \u201cComo en la escuela: reglas en lugar de criterio.\u201d<\/p>\n\n\n\n<p>Klaus guarda silencio un momento: \u201cTal vez\u201d, dice finalmente, \u201cese sea el precio de la estabilidad.\u201d<\/p>\n\n\n\n<p>Miro a mi alrededor. C\u00e1maras. Tarjetas de acceso. Cristal. Todo parece tranquilo. Ordenado. Seguro.<\/p>\n\n\n\n<p>\u201cEl control tranquiliza\u201d, digo en voz baja. \u201cPero estrecha el espacio.\u201d<\/p>\n\n\n\n<p>Klaus responde despacio: \u201cY cuanto m\u00e1s estrecho es el espacio, menos lugar queda para la responsabilidad.\u201d<\/p>\n","protected":false},"excerpt":{"rendered":"<p>Estoy sentado en el despacho de Klaus. He tardado casi una hora en pasar todos los controles de seguridad. Me han retirado la botella de agua y tambi\u00e9n mi navaja suiza, que siempre llevo conmigo. Ahora estoy sentado aqu\u00ed, esperando. En realidad, estos controles comenzaron despu\u00e9s del 11-S. \u00bfSe ha vuelto el mundo m\u00e1s peligroso &#8230; <a title=\"Cuando el control tranquiliza \u2014 y al mismo tiempo estrecha el espacio\" class=\"read-more\" href=\"https:\/\/frequenz-der-seele.online\/es\/cuando-el-control-tranquiliza-y-al-mismo-tiempo-estrecha-el-espacio\/\" aria-label=\"Leer m\u00e1s sobre Cuando el control tranquiliza \u2014 y al mismo tiempo estrecha el espacio\">Leer m\u00e1s<\/a><\/p>\n","protected":false},"author":1,"featured_media":0,"comment_status":"closed","ping_status":"open","sticky":false,"template":"","format":"standard","meta":{"_acf_changed":false,"footnotes":""},"categories":[16],"tags":[],"class_list":["post-614","post","type-post","status-publish","format-standard","hentry","category-actual"],"acf":[],"_links":{"self":[{"href":"https:\/\/frequenz-der-seele.online\/es\/wp-json\/wp\/v2\/posts\/614","targetHints":{"allow":["GET"]}}],"collection":[{"href":"https:\/\/frequenz-der-seele.online\/es\/wp-json\/wp\/v2\/posts"}],"about":[{"href":"https:\/\/frequenz-der-seele.online\/es\/wp-json\/wp\/v2\/types\/post"}],"author":[{"embeddable":true,"href":"https:\/\/frequenz-der-seele.online\/es\/wp-json\/wp\/v2\/users\/1"}],"replies":[{"embeddable":true,"href":"https:\/\/frequenz-der-seele.online\/es\/wp-json\/wp\/v2\/comments?post=614"}],"version-history":[{"count":1,"href":"https:\/\/frequenz-der-seele.online\/es\/wp-json\/wp\/v2\/posts\/614\/revisions"}],"predecessor-version":[{"id":615,"href":"https:\/\/frequenz-der-seele.online\/es\/wp-json\/wp\/v2\/posts\/614\/revisions\/615"}],"wp:attachment":[{"href":"https:\/\/frequenz-der-seele.online\/es\/wp-json\/wp\/v2\/media?parent=614"}],"wp:term":[{"taxonomy":"category","embeddable":true,"href":"https:\/\/frequenz-der-seele.online\/es\/wp-json\/wp\/v2\/categories?post=614"},{"taxonomy":"post_tag","embeddable":true,"href":"https:\/\/frequenz-der-seele.online\/es\/wp-json\/wp\/v2\/tags?post=614"}],"curies":[{"name":"wp","href":"https:\/\/api.w.org\/{rel}","templated":true}]}}